[{"@context":"https:\/\/schema.org\/","@type":"Article","@id":"https:\/\/www.frox.cz\/slusi-mi-to\/#Article","mainEntityOfPage":"https:\/\/www.frox.cz\/slusi-mi-to\/","headline":"Slu\u0161\u00ed mi to?","name":"Slu\u0161\u00ed mi to?","description":"Tak tuto ot\u00e1zku, pokud si nejste jist\u00e9, polo\u017ete hlavn\u011b sv\u00e9 kamar\u00e1dce, kter\u00e1 v\u00e1m \u0159ekne pravdu. Je v\u00fdhrou m\u00edt skv\u011blou p\u0159\u00edtelkyni, kter\u00e1 v\u00e1s neut\u011b\u0161uje, \u017ee v\u00e1m sv\u00edtiv\u011b zelen\u00fd zimn\u00edk b\u00e1je\u010dn\u011b slu\u0161\u00ed, a\u010dkoliv v n\u011bm vypad\u00e1te jako hospodyn\u011b ze statku. Za p\u00e1r let se u\u017e t\u0159eba pt\u00e1t nebudete muset. V\u011bt\u0161ina \u017een si \u010dasem a v\u011bkem u\u017e na\u0161la [&hellip;]","datePublished":"2020-11-05","dateModified":"2020-11-05","author":{"@type":"Person","@id":"https:\/\/www.frox.cz\/author\/devene\/#Person","name":"devene","url":"https:\/\/www.frox.cz\/author\/devene\/","identifier":1,"image":{"@type":"ImageObject","@id":"https:\/\/secure.gravatar.com\/avatar\/b86e461e91a792eb6523c2667396c9868de382fea5dd80e25dc0d9e030173b65?s=96&d=mm&r=g","url":"https:\/\/secure.gravatar.com\/avatar\/b86e461e91a792eb6523c2667396c9868de382fea5dd80e25dc0d9e030173b65?s=96&d=mm&r=g","height":96,"width":96}},"publisher":{"@type":"Organization","name":"frox.cz","logo":{"@type":"ImageObject","@id":"\/logo.png","url":"\/logo.png","width":600,"height":60}},"image":{"@type":"ImageObject","@id":"https:\/\/www.frox.cz\/wp-content\/uploads\/zamy%C5%A1len%C3%A1%20d%C3%ADvky.jpg","url":"https:\/\/www.frox.cz\/wp-content\/uploads\/zamy%C5%A1len%C3%A1%20d%C3%ADvky.jpg","height":0,"width":0},"url":"https:\/\/www.frox.cz\/slusi-mi-to\/","about":["Hobby"],"wordCount":434,"articleBody":"   Tak tuto ot\u00e1zku, pokud si nejste jist\u00e9, polo\u017ete hlavn\u011b sv\u00e9 kamar\u00e1dce, kter\u00e1 v\u00e1m \u0159ekne pravdu. Je v\u00fdhrou m\u00edt skv\u011blou p\u0159\u00edtelkyni, kter\u00e1 v\u00e1s neut\u011b\u0161uje, \u017ee v\u00e1m sv\u00edtiv\u011b zelen\u00fd zimn\u00edk b\u00e1je\u010dn\u011b slu\u0161\u00ed, a\u010dkoliv v n\u011bm vypad\u00e1te jako hospodyn\u011b ze statku. Za p\u00e1r let se u\u017e t\u0159eba pt\u00e1t nebudete muset.V\u011bt\u0161ina \u017een si \u010dasem a v\u011bkem u\u017e na\u0161la svou barevnou paletu, ve kter\u00e9 je jim dob\u0159e a um\u00ed barvy vz\u00e1jemn\u011b kombinovat. Nau\u010dily se, \u017ee sta\u010d\u00ed sladit p\u00e1r ton\u016f a nemusej\u00ed m\u00edt nep\u0159ebern\u00e9 mno\u017estv\u00ed \u0161at\u016f a dopl\u0148k\u016f anebo zapln\u011bn\u00e9 t\u0159i \u0161atn\u00ed sk\u0159\u00edn\u011b. V pohod\u011b se jejich oble\u010den\u00ed vejde do jedn\u00e9 \u0161atn\u00ed sk\u0159\u00edn\u011b, proto\u017ee jsou p\u0159ebornice v kombinov\u00e1n\u00ed stylov\u00fdch dopl\u0148k\u016f. Jsou si i v\u011bdomy toho, \u017ee nemus\u00ed pro\u017e\u00edvat ka\u017edi\u010dk\u00fd m\u00f3dn\u00ed styl a m\u00edt jen sam\u00e9 trendy oble\u010dky. Znaj\u00ed svou cenu a kupuj\u00ed si z trendy v\u011bc\u00ed jen to, co jim vysloven\u011b slu\u0161\u00ed. V \u017e\u00e1dn\u00e9m p\u0159\u00edpad\u011b si nekoup\u00ed k\u00e1rovanou mini sukni jen proto, \u017ee je pr\u00e1v\u011b in, jeliko\u017e sv\u00e9 no\u017eky odhal\u00ed pouze v soukrom\u00ed a v\u011bd\u00ed pro\u010d.To dok\u00e1\u017eou jen v p\u0159\u00edpad\u011b, \u017ee budou st\u0159\u00edzliv\u00e9 v odhadu m\u00f3dn\u00edch trend\u016f Mylifestyle, kter\u00e9 sice slu\u0161\u00ed mladi\u010dk\u00fdm anorektick\u00fdm modelk\u00e1m, ale v p\u0159\u00edpad\u011b d\u00e1my st\u0159edn\u00edho v\u011bku i postavy nen\u00ed nutn\u00e9 se jim za ka\u017edou cenu rovnat. C\u00edlem \u017eeny, kter\u00e1 zn\u00e1 u\u017e svou hodnotu, nen\u00ed se ztrapnit, ale z\u00e1\u0159it.A to doc\u00edl\u00ed i mali\u010dkostmi, jako jsou hedv\u00e1bn\u00e9 \u0161\u00e1ly a rafinovan\u011b uv\u00e1zan\u00e9 \u0161\u00e1tky, bi\u017euterie \u010di kor\u00e1le a n\u00e1hrdeln\u00edky v tonech slad\u011bn\u00e9 s oble\u010den\u00edm. Jsou to sice mali\u010dkosti, ale i d\u00edky jim spo\u010dine obdivn\u00fd pohled leckter\u00e9ho mu\u017ee na t\u00e9to d\u00e1m\u011b. Nato\u017e kdy\u017e si d\u00e1ma nasad\u00ed \u0161mrncovn\u00ed klobou\u010dek, p\u0159es rameno p\u0159ehod\u00ed stylovou kabelku, kde ukr\u00fdv\u00e1 sv\u00e9 tajnosti a nutn\u00e9 drobnosti.Nesta\u010d\u00ed jen skv\u011bl\u00e9 oble\u010den\u00ed vystajlovan\u00e9 vkusn\u00fdmi dopl\u0148ky, ale zavr\u0161it ho mus\u00edte i decentn\u00edm nal\u00ed\u010den\u00edm. \u0160ikovn\u00e9 \u017eeny znaj\u00ed triky, jak vykouzlit \u00fasm\u011bv na tv\u00e1\u0159i \u2013 t\u00f3novac\u00ed make-up, rozjas\u0148ovac\u00ed pudr, o\u010dn\u00ed st\u00edny slad\u011bn\u00e9 s barvou oka. Pak u\u017e jen sta\u010d\u00ed p\u00e1r kapek obl\u00edben\u00e9ho parf\u00e9mu, popadnout kabelku a kr\u00e1sn\u00e1 \u017eena je tu!                                                                                                                                                                                                                                                                                                                                                                                          3.5\/5 - (2 votes)        "},{"@context":"https:\/\/schema.org\/","@type":"BreadcrumbList","itemListElement":[{"@type":"ListItem","position":1,"name":"Slu\u0161\u00ed mi to?","item":"https:\/\/www.frox.cz\/slusi-mi-to\/#breadcrumbitem"}]}]