[{"@context":"https:\/\/schema.org\/","@type":"Article","@id":"https:\/\/www.frox.cz\/proc-si-uzit-dovolenou-prave-v-jesenikach\/#Article","mainEntityOfPage":"https:\/\/www.frox.cz\/proc-si-uzit-dovolenou-prave-v-jesenikach\/","headline":"Pro\u010d si u\u017e\u00edt dovolenou pr\u00e1v\u011b v Jesen\u00edk\u00e1ch","name":"Pro\u010d si u\u017e\u00edt dovolenou pr\u00e1v\u011b v Jesen\u00edk\u00e1ch","description":"Pl\u00e1nujete dovolenou a chcete ji tr\u00e1vit v tuzemsku? Co\u017e takhle tentokr\u00e1t zam\u00ed\u0159it na sever Moravy, k jej\u00ed nejvy\u0161\u0161\u00ed ho\u0159e Prad\u011bd? Jak\u00e9 v\u00fdhody m\u00e1 pr\u00e1v\u011b toto rozhodnut\u00ed? Domluv\u00edte se tu \u2013 ne ka\u017ed\u00fd obyvatel na\u0161\u00ed zem\u011b ovl\u00e1d\u00e1 slovem i p\u00edsmem ciz\u00ed jazyky tak dokonale, \u017ee si m\u016f\u017ee dovolit rozmlouvat s domorodci na jak\u00e9koli t\u00e9ma. Jazykov\u00e1 bari\u00e9ra [&hellip;]","datePublished":"2023-12-07","dateModified":"2024-02-09","author":{"@type":"Person","@id":"https:\/\/www.frox.cz\/author\/devene\/#Person","name":"devene","url":"https:\/\/www.frox.cz\/author\/devene\/","identifier":1,"image":{"@type":"ImageObject","@id":"https:\/\/secure.gravatar.com\/avatar\/b86e461e91a792eb6523c2667396c9868de382fea5dd80e25dc0d9e030173b65?s=96&d=mm&r=g","url":"https:\/\/secure.gravatar.com\/avatar\/b86e461e91a792eb6523c2667396c9868de382fea5dd80e25dc0d9e030173b65?s=96&d=mm&r=g","height":96,"width":96}},"publisher":{"@type":"Organization","name":"frox.cz","logo":{"@type":"ImageObject","@id":"\/logo.png","url":"\/logo.png","width":600,"height":60}},"image":{"@type":"ImageObject","@id":"https:\/\/www.frox.cz\/wp-content\/uploads\/mountains-5698370_640_2.jpg","url":"https:\/\/www.frox.cz\/wp-content\/uploads\/mountains-5698370_640_2.jpg","height":0,"width":0},"url":"https:\/\/www.frox.cz\/proc-si-uzit-dovolenou-prave-v-jesenikach\/","about":["Podnik\u00e1n\u00ed"],"wordCount":392,"articleBody":"   Pl\u00e1nujete dovolenou a chcete ji tr\u00e1vit v tuzemsku? Co\u017e takhle tentokr\u00e1t zam\u00ed\u0159it na sever Moravy, k jej\u00ed nejvy\u0161\u0161\u00ed ho\u0159e Prad\u011bd? Jak\u00e9 v\u00fdhody m\u00e1 pr\u00e1v\u011b toto rozhodnut\u00ed?Domluv\u00edte se tu \u2013 ne ka\u017ed\u00fd obyvatel na\u0161\u00ed zem\u011b ovl\u00e1d\u00e1 slovem i p\u00edsmem ciz\u00ed jazyky tak dokonale, \u017ee si m\u016f\u017ee dovolit rozmlouvat s domorodci na jak\u00e9koli t\u00e9ma. Jazykov\u00e1 bari\u00e9ra je jedn\u00edm z d\u016fvod\u016f, pro\u010d si lid\u00e9 nevyb\u00edraj\u00ed pobyty v zahrani\u010d\u00ed.Nen\u00ed to daleko \u2013 trm\u00e1cet se stovky a\u017e tis\u00edce kilometr\u016f daleko autem nebo autobusem, anebo vy\u010dk\u00e1vat dlouh\u00e9 hodiny v p\u0159epln\u011bn\u00fdch p\u0159\u00edletov\u00fdch a odletov\u00fdch hal\u00e1ch a absolvovat ne zrovna p\u0159\u00edjemn\u00e9 celn\u00ed prohl\u00eddky? M\u00e1te toto zapot\u0159eb\u00ed? Z Prahy je to do Jesen\u00edk\u016f jen \u010dty\u0159i sta kilometr\u016f a cestu zvl\u00e1dnete autem za p\u00e1r hodin.Karlova Stud\u00e1nka \u2013 milovn\u00edci komedie stolet\u00ed \u201eS tebou m\u011b bav\u00ed sv\u011bt\u201c zaplesaj\u00ed, a\u017e tu spat\u0159\u00ed hotel Slezsk\u00fd d\u016fm, kde se nat\u00e1\u010dely n\u011bkter\u00e9 sc\u00e9ny s Pavlem Nov\u00fdm a Zdenou Stud\u00e9nkovou. Malebnou l\u00e1ze\u0148skou obec si nenechte uj\u00edt, ochutnejte tamn\u00ed sirn\u00fd pramen Petr v kryt\u00e9m, ve\u0159ejn\u011b p\u0159\u00edstupn\u00e9m alt\u00e1nu, a pak se vypravte vzh\u016fru proti proudu \u0159\u00ed\u010dky B\u00edl\u00e1 Opava romantick\u00fdm \u00fadol\u00edm mezi t\u016fn\u011bmi a kask\u00e1dov\u00fdmi vodop\u00e1dy.Romantika B\u00edl\u00e9 Opavy \u2013 stezka B\u00edl\u00e9 Opavy je jednou z nejobl\u00edben\u011bj\u0161\u00edch turistick\u00fdch tras v Hrub\u00e9m Jesen\u00edku. M\u016f\u017eete se tu potkat s mnoha turisty, kte\u0159\u00ed m\u011bli stejn\u00fd n\u00e1pad jako vy, a vydali se k nejvy\u0161\u0161\u00edmu vrcholu Moravy s rozhlednou a restaurac\u00ed.Prad\u011bd \u2013 a\u017e si zajist\u00edte ubytov\u00e1n\u00ed v apartm\u00e1nech v Jesen\u00edk\u00e1ch https:\/\/apartmanymax.cz\/ubytovani\/ nedaleko Prad\u011bdu, vyhra\u010fte si alespo\u0148 jeden cel\u00fd den na proch\u00e1zku od hotelu Figura asfaltovou stezkou a\u017e k vys\u00edla\u010di na vrchol Prad\u011bdu. Rozhledna s restaurac\u00ed je zde v provozu po cel\u00fd rok a za slune\u010dn\u00e9ho po\u010das\u00ed je v\u00fdhled tak n\u00e1dhern\u00fd, \u017ee p\u0159i tro\u0161e \u0161t\u011bst\u00ed spat\u0159\u00edte i nejvy\u0161\u0161\u00ed horu \u010cesk\u00e9 republiky Sn\u011b\u017eku a (hlavn\u011b r\u00e1no) na Slovensku Vysok\u00e9 Tatry s nejvy\u0161\u0161\u00ed horou Gerlachovsk\u00fd \u0161t\u00edt.                                                                                                                                                                                                                                                                                                                                                                                          4.7\/5 - (6 votes)        "},{"@context":"https:\/\/schema.org\/","@type":"BreadcrumbList","itemListElement":[{"@type":"ListItem","position":1,"name":"Pro\u010d si u\u017e\u00edt dovolenou pr\u00e1v\u011b v Jesen\u00edk\u00e1ch","item":"https:\/\/www.frox.cz\/proc-si-uzit-dovolenou-prave-v-jesenikach\/#breadcrumbitem"}]}]