[{"@context":"https:\/\/schema.org\/","@type":"Article","@id":"https:\/\/www.frox.cz\/odzvonilo-jim-uz\/#Article","mainEntityOfPage":"https:\/\/www.frox.cz\/odzvonilo-jim-uz\/","headline":"Odzvonilo jim u\u017e?","name":"Odzvonilo jim u\u017e?","description":"Mysl\u00edte si, \u017ee d\u0159ev\u011bn\u00fdm plovouc\u00edm podlah\u00e1m u\u017e odzvonilo? Ani n\u00e1hodou. Naopak, tento nad\u010dasov\u00fd a elegantn\u00ed typ je st\u00e1le na prvn\u00edch p\u0159\u00ed\u010dk\u00e1ch v \u017eeb\u0159\u00ed\u010dku obl\u00edbenosti. \u010c\u00edm d\u00e1l v\u00edce lid\u00ed si ho po\u0159izuje a jsou s n\u00edm nav\u00fdsost spokojeni. A to hlavn\u011b d\u00edky sv\u00fdm nespo\u010detn\u00fdm v\u00fdhod\u00e1m, kter\u00e9 p\u0159in\u00e1\u0161\u00ed. Esteticky i prakticky Nejen\u017ee vypad\u00e1 a bude vypadat spoustu [&hellip;]","datePublished":"2025-01-16","dateModified":"2025-01-16","author":{"@type":"Person","@id":"https:\/\/www.frox.cz\/author\/devene\/#Person","name":"devene","url":"https:\/\/www.frox.cz\/author\/devene\/","identifier":1,"image":{"@type":"ImageObject","@id":"https:\/\/secure.gravatar.com\/avatar\/b86e461e91a792eb6523c2667396c9868de382fea5dd80e25dc0d9e030173b65?s=96&d=mm&r=g","url":"https:\/\/secure.gravatar.com\/avatar\/b86e461e91a792eb6523c2667396c9868de382fea5dd80e25dc0d9e030173b65?s=96&d=mm&r=g","height":96,"width":96}},"publisher":{"@type":"Organization","name":"frox.cz","logo":{"@type":"ImageObject","@id":"\/logo.png","url":"\/logo.png","width":600,"height":60}},"url":"https:\/\/www.frox.cz\/odzvonilo-jim-uz\/","wordCount":185,"articleBody":"Mysl\u00edte si, \u017ee d\u0159ev\u011bn\u00fdm plovouc\u00edm podlah\u00e1m u\u017e odzvonilo? Ani n\u00e1hodou. Naopak, tento nad\u010dasov\u00fd a elegantn\u00ed typ je st\u00e1le na prvn\u00edch p\u0159\u00ed\u010dk\u00e1ch v \u017eeb\u0159\u00ed\u010dku obl\u00edbenosti. \u010c\u00edm d\u00e1l v\u00edce lid\u00ed si ho po\u0159izuje a jsou s n\u00edm nav\u00fdsost spokojeni. A to hlavn\u011b d\u00edky sv\u00fdm nespo\u010detn\u00fdm v\u00fdhod\u00e1m, kter\u00e9 p\u0159in\u00e1\u0161\u00ed. Esteticky i prakticky Nejen\u017ee vypad\u00e1 a bude vypadat spoustu let po\u0159\u00e1d skv\u011ble, nav\u00edc se hod\u00ed do ka\u017ed\u00e9ho interi\u00e9ru, ke ka\u017ed\u00e9mu n\u00e1bytku, dokonce i ke ka\u017ed\u00e9 tapet\u011b, nebo barv\u011b na st\u011bn\u011b. Je to prost\u011b multifunk\u010dn\u00ed typ, kter\u00fd mus\u00edte m\u00edt. A pak samoz\u0159ejm\u011b ty praktick\u00e9 v\u00fdhody. Tepeln\u00e1 a zvukov\u00e1 izolace. Snadn\u00e1 \u00fadr\u017eba. P\u0159\u00edjemn\u00fd na dotek i na po\u0161lap. Zabra\u0148uje \u00fanav\u011b va\u0161ich nohou. Na v\u00fdb\u011br m\u00e1te z obrovsk\u00e9ho mno\u017estv\u00ed dekor\u016f. Jak vid\u00edte, v\u00fdhod je opravdu spousta. Tato investice se v\u00e1m opravdu st\u00e1le vyplat\u00ed.                                                                                                                                                                                                                                                                                                                                                                                        4\/5 - (2 votes)        "},{"@context":"https:\/\/schema.org\/","@type":"BreadcrumbList","itemListElement":[{"@type":"ListItem","position":1,"name":"Odzvonilo jim u\u017e?","item":"https:\/\/www.frox.cz\/odzvonilo-jim-uz\/#breadcrumbitem"}]}]