[{"@context":"https:\/\/schema.org\/","@type":"Article","@id":"https:\/\/www.frox.cz\/je-stehovani-do-nemecka-bezpecne\/#Article","mainEntityOfPage":"https:\/\/www.frox.cz\/je-stehovani-do-nemecka-bezpecne\/","headline":"Je st\u011bhov\u00e1n\u00ed do N\u011bmecka bezpe\u010dn\u00e9?","name":"Je st\u011bhov\u00e1n\u00ed do N\u011bmecka bezpe\u010dn\u00e9?","description":"O tom, \u017ee z na\u0161\u00ed zem\u011b odch\u00e1z\u00ed st\u00e1le v\u00edce lid\u00ed, p\u0159edev\u0161\u00edm pak t\u011bch mlad\u00fdch, nen\u00ed pochyb. Mohou za to nejen lep\u0161\u00ed pracovn\u00ed a \u017eivotn\u00ed podm\u00ednky v zahrani\u010d\u00ed, ale tak\u00e9 sou\u010dasn\u00e1 sv\u011btov\u00e1 politick\u00e1 situace. Zd\u00e1 se toti\u017e, \u017ee brzy bude na\u0161e republika jednou z n\u00e1razn\u00edkov\u00fdch z\u00f3n v\u00e1le\u010dn\u00e9ho \u00fasil\u00ed, a to je m\u00edsto, kde nikdo nechce b\u00fdt. [&hellip;]","datePublished":"2025-02-04","dateModified":"2025-02-04","author":{"@type":"Person","@id":"https:\/\/www.frox.cz\/author\/devene\/#Person","name":"devene","url":"https:\/\/www.frox.cz\/author\/devene\/","identifier":1,"image":{"@type":"ImageObject","@id":"https:\/\/secure.gravatar.com\/avatar\/b86e461e91a792eb6523c2667396c9868de382fea5dd80e25dc0d9e030173b65?s=96&d=mm&r=g","url":"https:\/\/secure.gravatar.com\/avatar\/b86e461e91a792eb6523c2667396c9868de382fea5dd80e25dc0d9e030173b65?s=96&d=mm&r=g","height":96,"width":96}},"publisher":{"@type":"Organization","name":"frox.cz","logo":{"@type":"ImageObject","@id":"\/logo.png","url":"\/logo.png","width":600,"height":60}},"image":{"@type":"ImageObject","@id":"https:\/\/www.frox.cz\/wp-content\/uploads\/nemecko1.jpg","url":"https:\/\/www.frox.cz\/wp-content\/uploads\/nemecko1.jpg","height":0,"width":0},"url":"https:\/\/www.frox.cz\/je-stehovani-do-nemecka-bezpecne\/","about":["Podnik\u00e1n\u00ed"],"wordCount":465,"articleBody":"        O tom, \u017ee z na\u0161\u00ed zem\u011b odch\u00e1z\u00ed st\u00e1le v\u00edce lid\u00ed, p\u0159edev\u0161\u00edm pak t\u011bch mlad\u00fdch, nen\u00ed pochyb. Mohou za to nejen lep\u0161\u00ed pracovn\u00ed a \u017eivotn\u00ed podm\u00ednky v zahrani\u010d\u00ed, ale tak\u00e9 sou\u010dasn\u00e1 sv\u011btov\u00e1 politick\u00e1 situace. Zd\u00e1 se toti\u017e, \u017ee brzy bude na\u0161e republika jednou z n\u00e1razn\u00edkov\u00fdch z\u00f3n v\u00e1le\u010dn\u00e9ho \u00fasil\u00ed, a to je m\u00edsto, kde nikdo nechce b\u00fdt. Proto rad\u011bji cht\u011bj\u00ed b\u00fdt v jin\u00e9, bezpe\u010dn\u011bj\u0161\u00ed zemi. A jednou z t\u011bch, do kter\u00fdch se \u010ce\u0161i st\u011bhuj\u00ed nej\u010dast\u011bji, je N\u011bmecko. Je samoz\u0159ejm\u011b pochopiteln\u00e9, pro\u010d je st\u011bhov\u00e1n\u00ed do N\u011bmecka tak obl\u00edben\u00e9. P\u0159eci jen je to zem\u011b, kter\u00e1 s tou na\u0161\u00ed soused\u00ed, co\u017e znamen\u00e1, \u017ee p\u0159echod nen\u00ed ani zdaleka tak n\u00e1ro\u010dn\u00fd, jak by se mohlo zd\u00e1t. Nehled\u011b na fakt, \u017ee n\u011bmeck\u00fd jazyk je b\u011b\u017en\u011b vyu\u010dov\u00e1n na \u0161kol\u00e1ch, tak\u017ee v\u011bt\u0161inou nem\u00e1me ani zdaleka takov\u00fd probl\u00e9m s jazykovou bari\u00e9rou.Ji\u017e zde byla zm\u00edn\u011bna finan\u010dn\u00ed str\u00e1nka cel\u00e9 v\u011bci. Tady se v\u0161ak m\u016f\u017eeme pt\u00e1t, pro\u010d preferujeme pr\u00e1v\u011b N\u011bmecko, a nikoliv nap\u0159\u00edklad Rakousko, kter\u00e9 je mu pom\u011brn\u011b podobn\u00e9. Jist\u011b, neznamen\u00e1 to, \u017ee se do Rakouska nikdo nest\u011bhuje, av\u0161ak N\u011bmecko je preferovanou destinac\u00ed. Z jak\u00fdch d\u016fvod\u016f? T\u00edm hlavn\u00edm je, \u017ee je p\u0159eci jen d\u00e1le od \u201enebezpe\u010dn\u00e9\u201c linie, tedy t\u00e9, kde se p\u0159edpokl\u00e1d\u00e1 nejv\u011bt\u0161\u00ed konflikt. Jednodu\u0161e \u0159e\u010deno, \u010d\u00edm d\u00e1le od on\u00e9 linie jsme, t\u00edm l\u00e9pe. Probl\u00e9m je, \u017ee i N\u011bmecko m\u00e1 sv\u00e9 vlastn\u00ed probl\u00e9my, p\u0159edev\u0161\u00edm pak pr\u00e1v\u011b s p\u0159ist\u011bhovalci.V d\u016fsledku toho jeho z\u00e1stupci uva\u017euj\u00ed o tom, \u017ee po\u010det t\u011bch, kter\u00fdm bude povolen vstup a pobyt v zemi, a p\u0159\u00edpadn\u011b i z\u00edsk\u00e1n\u00ed ob\u010danstv\u00ed, pom\u011brn\u011b dost omez\u00ed. Jist\u011b, hlavn\u00edm probl\u00e9mem jsou p\u0159ist\u011bhovalci z kulturn\u011b odli\u0161n\u011bj\u0161\u00edch zem\u00ed, kte\u0159\u00ed se necht\u011bj\u00ed p\u0159izp\u016fsobit, av\u0161ak nen\u00ed pochyb o tom, \u017ee se to dotkne v\u0161ech, kte\u0159\u00ed se budou cht\u00edt do dan\u00e9 zem\u011b p\u0159ist\u011bhovat. Lze tedy o\u010dek\u00e1vat, \u017ee se podm\u00ednky pro vstup pon\u011bkud zt\u00ed\u017e\u00ed, co\u017e povede k tomu, \u017ee se tato zem\u011b stane m\u00e9n\u011b popul\u00e1rn\u00ed destinac\u00ed. A to je rozhodn\u011b n\u011bco, s \u010d\u00edm bychom m\u011bli po\u010d\u00edtat, nebo\u0165 by se n\u00e1m to pozd\u011bji mohlo vymst\u00edt. Pokud tedy o p\u0159est\u011bhov\u00e1n\u00ed do N\u011bmecka uva\u017eujeme, je rozhodn\u011b lep\u0161\u00ed jednat d\u0159\u00edve, ne\u017e pozd\u011bji.                                                                                                                                                                                                                                                                                                                                                                                          4.3\/5 - (11 votes)        "},{"@context":"https:\/\/schema.org\/","@type":"BreadcrumbList","itemListElement":[{"@type":"ListItem","position":1,"name":"Je st\u011bhov\u00e1n\u00ed do N\u011bmecka bezpe\u010dn\u00e9?","item":"https:\/\/www.frox.cz\/je-stehovani-do-nemecka-bezpecne\/#breadcrumbitem"}]}]