[{"@context":"https:\/\/schema.org\/","@type":"Article","@id":"https:\/\/www.frox.cz\/co-nesmi-chybet-ve-vasi-kazdodenni-peci-o-sebe\/#Article","mainEntityOfPage":"https:\/\/www.frox.cz\/co-nesmi-chybet-ve-vasi-kazdodenni-peci-o-sebe\/","headline":"Co nesm\u00ed chyb\u011bt ve va\u0161\u00ed ka\u017edodenn\u00ed p\u00e9\u010di o sebe","name":"Co nesm\u00ed chyb\u011bt ve va\u0161\u00ed ka\u017edodenn\u00ed p\u00e9\u010di o sebe","description":"Do p\u00e9\u010de o sebe sama ne\u0159ad\u00edme jenom p\u00e9\u010di o ple\u0165, i kdy\u017e samoz\u0159ejm\u011b tvo\u0159\u00ed zna\u010dnou \u010d\u00e1st na\u0161\u00ed p\u00e9\u010de. Zahrnujeme do n\u00ed i p\u00e9\u010di o na\u0161e vlasy, zuby, poko\u017eku cel\u00e9ho t\u011bla nebo nehty. Va\u0161e rutina ohledn\u011b p\u00e9\u010de nemus\u00ed b\u00fdt \u010dasov\u011b n\u00e1ro\u010dn\u00e1 ani p\u0159\u00edli\u0161 n\u00e1kladn\u00e1. Dnes m\u00e1me na v\u00fdb\u011br z mnoha mo\u017enost\u00ed ohledn\u011b kosmetiky a dal\u0161\u00edch v\u011bc\u00ed, [&hellip;]","datePublished":"2022-09-25","dateModified":"2022-09-25","author":{"@type":"Person","@id":"https:\/\/www.frox.cz\/author\/devene\/#Person","name":"devene","url":"https:\/\/www.frox.cz\/author\/devene\/","identifier":1,"image":{"@type":"ImageObject","@id":"https:\/\/secure.gravatar.com\/avatar\/b86e461e91a792eb6523c2667396c9868de382fea5dd80e25dc0d9e030173b65?s=96&d=mm&r=g","url":"https:\/\/secure.gravatar.com\/avatar\/b86e461e91a792eb6523c2667396c9868de382fea5dd80e25dc0d9e030173b65?s=96&d=mm&r=g","height":96,"width":96}},"publisher":{"@type":"Organization","name":"frox.cz","logo":{"@type":"ImageObject","@id":"\/logo.png","url":"\/logo.png","width":600,"height":60}},"image":{"@type":"ImageObject","@id":"https:\/\/www.frox.cz\/wp-content\/uploads\/pexels-burst-374856.jpg","url":"https:\/\/www.frox.cz\/wp-content\/uploads\/pexels-burst-374856.jpg","height":0,"width":0},"url":"https:\/\/www.frox.cz\/co-nesmi-chybet-ve-vasi-kazdodenni-peci-o-sebe\/","about":["Nakupov\u00e1n\u00ed"],"wordCount":449,"articleBody":"   Do p\u00e9\u010de o sebe sama ne\u0159ad\u00edme jenom p\u00e9\u010di o ple\u0165, i kdy\u017e samoz\u0159ejm\u011b tvo\u0159\u00ed zna\u010dnou \u010d\u00e1st na\u0161\u00ed p\u00e9\u010de. Zahrnujeme do n\u00ed i p\u00e9\u010di o na\u0161e vlasy, zuby, poko\u017eku cel\u00e9ho t\u011bla nebo nehty. Va\u0161e rutina ohledn\u011b p\u00e9\u010de nemus\u00ed b\u00fdt \u010dasov\u011b n\u00e1ro\u010dn\u00e1 ani p\u0159\u00edli\u0161 n\u00e1kladn\u00e1. Dnes m\u00e1me na v\u00fdb\u011br z mnoha mo\u017enost\u00ed ohledn\u011b kosmetiky a dal\u0161\u00edch v\u011bc\u00ed, kter\u00e9 si m\u016f\u017eeme p\u0159izp\u016fsobit sv\u00e9mu rozpo\u010dtu. P\u0159esto je n\u011bkolik v\u011bc\u00ed, kter\u00e9 bychom ur\u010dit\u011b nem\u011bli postr\u00e1dat v na\u0161\u00ed p\u00e9\u010di. Poj\u010fme se na n\u011b spole\u010dn\u011b pod\u00edvat.Balz\u00e1m na rtyTen nejz\u00e1kladn\u011bj\u0161\u00ed balz\u00e1m na rty v\u00e1s vyjde na p\u00e1r korun a ur\u010dit\u011b by nem\u011bl chyb\u011bt ve va\u0161\u00ed ka\u017edodenn\u00ed p\u00e9\u010di. Zvl\u00e1\u0161t\u011b p\u0159es zimu, kdy dost\u00e1vaj\u00ed va\u0161e rty zabrat vlivem n\u00edzk\u00fdch teplot. Balz\u00e1m va\u0161e rty vy\u017eiv\u00ed a dod\u00e1 jim pot\u0159ebnou hydrataci. P\u0159es l\u00e9to si po\u0159i\u010fte balz\u00e1m s SPF faktorem.KolagenProtein jm\u00e9nem kolagen se b\u011b\u017en\u011b vyskytuje v na\u0161em t\u011ble. M\u00e1 pozitivn\u00ed vliv na na\u0161e vlasy, kosti, nehty, klouby a podobn\u011b. Mimo jin\u00e9 taky m\u00e1 pozitivn\u00ed vliv na stav na\u0161i pleti. Proto bychom ho m\u011bli za\u0159adit do sv\u00e9 p\u00e9\u010de, t\u0159eba jako dopln\u011bk stravy. Skv\u011blou volbou pro v\u00e1s m\u016f\u017ee b\u00fdt kolagen mo\u0159sk\u00fd Orcacollagen.cz.L\u00e1tkov\u00e9 gumi\u010dky do vlas\u016fGumi\u010dky pou\u017e\u00edv\u00e1 ob\u010das t\u00e9m\u011b\u0159 ka\u017ed\u00fd z n\u00e1s, krom\u011b vlastn\u00edk\u016f opravdu kr\u00e1tk\u00fdch vlas\u016f. Pou\u017e\u00edv\u00e1te klasick\u00e9 gumi\u010dky s kovovou sponkou? Tak je rad\u011bji rychle zaho\u010fte. Tyto gumi\u010dky jsou mo\u017en\u00e1 levn\u00e9, ale va\u0161im vlas\u016fm v\u016fbec neprosp\u00edvaj\u00ed. V m\u00edst\u011b, kde si je gumi\u010dkou st\u00e1hnete dojde k l\u00e1m\u00e1n\u00ed vlas\u016f a m\u016f\u017eou v\u00e1m jich docela dost vytrhat. Zvolte rad\u011bji l\u00e1tkov\u00e9 gumi\u010dky, t\u0159eba hedv\u00e1bn\u00e9.T\u011blov\u00e9 ml\u00e9koNa tv\u00e1\u0159 si b\u011b\u017en\u011b d\u00e1v\u00e1me hydrata\u010dn\u00ed kr\u00e9m, abychom na\u0161i ple\u0165 hydratovali. Ale tuto p\u00e9\u010di pot\u0159ebuje cel\u00e9 na\u0161e t\u011blo. Proto si po\u0159i\u010fte n\u011bjak\u00e9 hydrata\u010dn\u00ed t\u011blov\u00e9 ml\u00e9ko nebo t\u011blov\u00e9 m\u00e1slo a ka\u017ed\u00fd den si proma\u017ete cel\u00e9 t\u011blo. T\u011blov\u00e1 ml\u00e9ka se prod\u00e1vaj\u00ed s nejr\u016fzn\u011bj\u0161\u00edmi v\u016fn\u011bmi, tak\u017ee p\u0159\u00edjemn\u00fdm bonusem pro v\u00e1s bude kr\u00e1sn\u00e9 aroma.                                                                                                                                                                                                                                                                                                                                                                                          4.4\/5 - (5 votes)        "},{"@context":"https:\/\/schema.org\/","@type":"BreadcrumbList","itemListElement":[{"@type":"ListItem","position":1,"name":"Co nesm\u00ed chyb\u011bt ve va\u0161\u00ed ka\u017edodenn\u00ed p\u00e9\u010di o sebe","item":"https:\/\/www.frox.cz\/co-nesmi-chybet-ve-vasi-kazdodenni-peci-o-sebe\/#breadcrumbitem"}]}]